{"id":95364,"date":"2026-07-24T12:53:35","date_gmt":"2026-07-24T10:53:35","guid":{"rendered":"https:\/\/factorialhr.com\/blog\/?p=95364"},"modified":"2026-07-29T04:39:32","modified_gmt":"2026-07-29T02:39:32","slug":"equilibrio-entre-vida-laboral-y-personal","status":"publish","type":"post","link":"https:\/\/factorial.mx\/blog\/equilibrio-entre-vida-laboral-y-personal\/","title":{"rendered":"C\u00f3mo fomentar el equilibrio entre vida laboral y personal en tu equipo"},"content":{"rendered":"<p>Durante a\u00f1os, el trabajo ocup\u00f3 un lugar casi intocable en la vida cotidiana. Las jornadas extensas, la disponibilidad permanente y la dificultad para desconectarse se normalizaron en muchas empresas. Hoy, ese modelo empieza a cuestionarse. El <strong>equilibrio entre vida laboral y personal<\/strong> se ha convertido en una expectativa cada vez m\u00e1s presente entre los colaboradores y en un reto directo para Recursos Humanos.<\/p>\n<p>De esta forma, las empresas ya no solo deben alcanzar sus objetivos, tambi\u00e9n necesitan revisar c\u00f3mo distribuyen las cargas de trabajo, organizan los horarios y protegen el bienestar de sus equipos.<\/p>\n<div class=\"js-toc toc\">\n<p class=\"js-toc-title toc__title\">Tabla de contenidos<\/p>\n<nav id=\"fac_toc_nav\" class=\"js-toc-nav toc__nav\" aria-label=\"Tabla de contenidos\"><ol class=\"toc__list toc__list--level-1\"><li class=\"toc-heading-level-2\"><a class=\"toc__link toc-link-heading-1\" href=\"https:\/\/factorial.mx\/blog\/equilibrio-entre-vida-laboral-y-personal\/#que-es-el-equilibrio-entre-vida-laboral-y-personal\" title=\"Qu\u00e9 es el equilibrio entre vida laboral y personal\" data-target-id=\"que-es-el-equilibrio-entre-vida-laboral-y-personal\">Qu\u00e9 es el equilibrio entre vida laboral y personal<\/a><\/li><li class=\"toc-heading-level-2\"><a class=\"toc__link toc-link-heading-2\" href=\"https:\/\/factorial.mx\/blog\/equilibrio-entre-vida-laboral-y-personal\/#importancia-del-equilibrio-entre-vida-laboral-y-personal\" title=\"Importancia del equilibrio entre vida laboral y personal\" data-target-id=\"importancia-del-equilibrio-entre-vida-laboral-y-personal\">Importancia del equilibrio entre vida laboral y personal<\/a><\/li><li class=\"toc-heading-level-2\"><a class=\"toc__link toc-link-heading-3\" href=\"https:\/\/factorial.mx\/blog\/equilibrio-entre-vida-laboral-y-personal\/#razones-para-fomentar-el-equilibrio-entre-lo-laboral-y-lo-personal\" title=\"Razones para fomentar el equilibrio entre lo laboral y lo personal\" data-target-id=\"razones-para-fomentar-el-equilibrio-entre-lo-laboral-y-lo-personal\">Razones para fomentar el equilibrio entre lo laboral y lo personal<\/a><\/li><li class=\"toc-heading-level-2\"><a class=\"toc__link toc-link-heading-4\" href=\"https:\/\/factorial.mx\/blog\/equilibrio-entre-vida-laboral-y-personal\/#como-lograr-el-equilibrio-entre-vida-laboral-y-personal-en-una-empresa\" title=\"C\u00f3mo lograr el equilibrio entre vida laboral y personal en una empresa\" data-target-id=\"como-lograr-el-equilibrio-entre-vida-laboral-y-personal-en-una-empresa\">C\u00f3mo lograr el equilibrio entre vida laboral y personal en una empresa<\/a><\/li><li class=\"toc-heading-level-2\"><a class=\"toc__link toc-link-heading-5\" href=\"https:\/\/factorial.mx\/blog\/equilibrio-entre-vida-laboral-y-personal\/#como-puede-recursos-humanos-impulsar-el-equilibrio-entre-vida-laboral-y-personal\" title=\"C\u00f3mo puede Recursos Humanos impulsar el equilibrio entre vida laboral y personal\" data-target-id=\"como-puede-recursos-humanos-impulsar-el-equilibrio-entre-vida-laboral-y-personal\">C\u00f3mo puede Recursos Humanos impulsar el equilibrio entre vida laboral y personal<\/a><\/li><\/ol><\/nav><\/div>\n<h2>Qu\u00e9 es el equilibrio entre vida laboral y personal<\/h2>\n<p><strong>El equilibrio entre vida laboral y personal es la capacidad de distribuir el tiempo y la energ\u00eda entre las responsabilidades profesionales y las necesidades personales sin que una de ellas desplace constantemente a la otra.<\/strong><\/p>\n<p>No significa dedicar el mismo n\u00famero de horas a cada \u00e1mbito. M\u00e1s bien se trata de encontrar una organizaci\u00f3n que permita cumplir con el trabajo y, al mismo tiempo, disponer de espacio para descansar, convivir con la familia, atender asuntos personales y realizar actividades fuera de la jornada laboral.<\/p>\n<p>Este equilibrio puede variar seg\u00fan la etapa de vida, el tipo de empleo y las responsabilidades de cada persona. Por eso, las empresas deben ofrecer condiciones flexibles y evitar que la disponibilidad permanente, las jornadas extensas o las cargas excesivas se conviertan en parte habitual del trabajo.<\/p>\n<h2 id=\"importancia-de-lograr-el-equilibrio-entre-la-vida-laboral-y-la-personal-30-29\">Importancia del equilibrio entre vida laboral y personal<\/h2>\n<p>El trabajo no deber\u00eda convertirse en una fuente constante de agotamiento ni ocupar el espacio destinado al descanso, la familia o la vida personal. Cuando esto ocurre, el impacto no se limita al bienestar de los colaboradores; tambi\u00e9n se refleja en su concentraci\u00f3n, motivaci\u00f3n y desempe\u00f1o.<\/p>\n<p>Por eso, <strong>Recursos Humanos tiene la responsabilidad de revisar c\u00f3mo se organizan las jornadas, se distribuyen las tareas y se acompa\u00f1a a los equipos.<\/strong> El objetivo no es reducir las exigencias del negocio, sino crear condiciones que permitan cumplirlas sin llevar a las personas a una sobrecarga permanente.<\/p>\n<p>Los beneficios alcanzan a ambas partes. <strong>Para los colaboradores<\/strong>, un mejor equilibrio puede ayudar a reducir el estr\u00e9s, cuidar la salud mental y aumentar la satisfacci\u00f3n con el trabajo. <strong>Para las empresas<\/strong>, se refleja en menos ausentismo, mayor compromiso, mejor productividad y una mayor capacidad para retener talento.<\/p>\n<div class=\"factorial-banner inline-banner banner-demo category-gestion-del-talento\"\n    data-banner-id=\"175576\"\n    data-banner-type=\"demo\"\n    data-category=\"Gesti\u00f3n del Talento\">\n    <div class=\"banner-content\">\n        <div class=\"banner-text\">\n                            <h4>Simplifica la gesti\u00f3n de turnos en la empresa<\/h4>\n            \n                            <p>Sincroniza las ausencias con los turnos de trabajo. \r\n\u00a1Deja que la tecnolog\u00eda organice todo por ti!<\/p>\n            \n                            <a href=\"https:\/\/factorial.mx\/solicitar-demo\"\n                    class=\"factorial-cta-button not-prose demo btn-brand\" data-cta=\"demo\" data-cta-position=\"inline-banner\">\n                    Pedir una demo                <\/a>\n                    <\/div>\n\n        <div class=\"banner-image has-image\">\n            <img decoding=\"async\" src=\"https:\/\/factorialhr.com\/wp-content\/uploads\/2025\/12\/17195004\/Group-427319619.png\" class=\"not-prose\" \/>\n        <\/div>\n    <\/div>\n<\/div>\n<h2>Razones para fomentar el equilibrio entre lo laboral y lo personal<\/h2>\n<p>Fomentar el<strong> equilibrio entre vida laboral y persona<\/strong>l no responde \u00fanicamente a una cuesti\u00f3n de bienestar. Tambi\u00e9n <strong>ayuda a las empresas a organizar mejor el trabajo, mantener el compromiso de sus equipos y reducir los efectos de una sobrecarga prolongada.<\/strong><\/p>\n<p>Entre las principales razones para impulsarlo se encuentran:<\/p>\n<p><strong>Mejor gesti\u00f3n de los equipos.<\/strong> Cuando las cargas de trabajo, los horarios y las responsabilidades se distribuyen de forma realista, los colaboradores pueden administrar mejor su tiempo. Esto facilita la coordinaci\u00f3n de tareas, reduce tensiones y permite detectar con anticipaci\u00f3n posibles episodios de agotamiento.<\/p>\n<p><strong>Mayor productividad.<\/strong> Trabajar m\u00e1s horas no siempre significa obtener mejores resultados. Las personas que cuentan con tiempo suficiente para descansar y atender su vida personal pueden mantener una mejor concentraci\u00f3n, tomar decisiones con mayor claridad y afrontar sus actividades con m\u00e1s energ\u00eda.<\/p>\n<p><strong>Retenci\u00f3n del talento.<\/strong> La falta de l\u00edmites entre el trabajo y la vida personal puede afectar la satisfacci\u00f3n laboral y llevar a los colaboradores a buscar otras oportunidades. En cambio, las organizaciones que respetan los tiempos de descanso y ofrecen cierta flexibilidad tienen m\u00e1s posibilidades de fortalecer el compromiso y reducir la rotaci\u00f3n.<\/p>\n<p>Esta prioridad tambi\u00e9n est\u00e1 modificando las expectativas profesionales de las <strong>generaciones m\u00e1s j\u00f3venes<\/strong>. De acuerdo con el <em><a href=\"https:\/\/www.deloitte.com\/global\/en\/issues\/work\/genz-millennial-survey.html?icid=mosaic-grid_2025-gen-z-and-millennial-survey\" target=\"_blank\" rel=\"noopener\">Deloitte Global Gen Z and Millennial Survey 2026<\/a>,<\/em> <strong>solo el 6 % de la Generaci\u00f3n Z y los millennials considera que alcanzar un puesto de liderazgo es su principal objetivo profesional<\/strong>. Aunque muchos s\u00ed muestran inter\u00e9s en asumir estas posiciones en alg\u00fan momento de su carrera, factores como el estr\u00e9s, el exceso de responsabilidades y la posibilidad de sacrificar el equilibrio entre vida laboral y personal influyen en su decisi\u00f3n.<\/p>\n<p><img decoding=\"async\" class=\"aligncenter wp-image-196633 size-full\" src=\"https:\/\/factorial.mx\/wp-content\/uploads\/2023\/03\/29043447\/Equlibrio-vida-laboral-y-profesional-liderazgo-Factorial.webp\" alt=\"Equlibrio-vida-laboral-y-profesional-liderazgo-Factorial\" width=\"1536\" height=\"1024\" srcset=\"https:\/\/factorial.mx\/wp-content\/uploads\/2023\/03\/29043447\/Equlibrio-vida-laboral-y-profesional-liderazgo-Factorial.webp 1536w, https:\/\/factorial.mx\/wp-content\/uploads\/2023\/03\/29043447\/Equlibrio-vida-laboral-y-profesional-liderazgo-Factorial-300x200.webp 300w, https:\/\/factorial.mx\/wp-content\/uploads\/2023\/03\/29043447\/Equlibrio-vida-laboral-y-profesional-liderazgo-Factorial-1024x683.webp 1024w, https:\/\/factorial.mx\/wp-content\/uploads\/2023\/03\/29043447\/Equlibrio-vida-laboral-y-profesional-liderazgo-Factorial-768x512.webp 768w\" sizes=\"(max-width: 1536px) 100vw, 1536px\" \/><\/p>\n<p><strong><i>Te recomendamos leer: <a href=\"https:\/\/factorial.mx\/blog\/flexibilidad-laboral\/\">Flexibilidad laboral: la clave para atraer y retener talento<\/a><\/i><\/strong><\/p>\n<h2>C\u00f3mo lograr el equilibrio entre vida laboral y personal en una empresa<\/h2>\n<p>Lograr un equilibrio entre vida laboral y personal no depende de una sola pol\u00edtica ni de ofrecer trabajo remoto. <strong>Requiere una estrategia que combine planificaci\u00f3n, liderazgo, comunicaci\u00f3n y flexibilidad<\/strong> para que las personas puedan cumplir sus responsabilidades sin comprometer su bienestar. Estas son algunas acciones que Recursos Humanos puede implementar.<\/p>\n<h3><strong>Planifica las cargas de trabajo<\/strong><\/h3>\n<p>La <strong>conciliaci\u00f3n laboral<\/strong> empieza antes de que aparezcan los problemas. Una planificaci\u00f3n realista permite distribuir tareas de acuerdo con la capacidad de cada equipo, anticipar picos de trabajo y evitar que las jornadas extraordinarias se conviertan en la regla.<\/p>\n<p>Para lograrlo, es necesario revisar peri\u00f3dicamente la carga de trabajo, definir prioridades y asignar los recursos necesarios para cumplir los objetivos sin generar una sobrecarga constante.<\/p>\n<h3><strong>Promueve una comunicaci\u00f3n abierta<\/strong><\/h3>\n<p>Los colaboradores deben sentirse en confianza para expresar cuando la carga de trabajo es excesiva o existen dificultades para conciliar sus responsabilidades laborales y personales.<\/p>\n<p>Mantener <a href=\"https:\/\/factorial.mx\/blog\/plan-comunicacion-interna-formato\/\">canales de comunicaci\u00f3n abiertos<\/a> tambi\u00e9n ayuda a detectar \u00e1reas de mejora, prevenir conflictos y fortalecer el compromiso del equipo. Cuando las personas saben que ser\u00e1n escuchadas, resulta m\u00e1s sencillo encontrar soluciones antes de que el estr\u00e9s afecte su desempe\u00f1o.<\/p>\n<h3><strong>Impulsa la flexibilidad laboral\u00a0<\/strong><\/h3>\n<p>La flexibilidad laboral es una de las estrategias m\u00e1s efectivas para favorecer el equilibrio entre vida laboral y personal. Dependiendo de las necesidades del puesto, puede incluir horarios flexibles, esquemas h\u00edbridos, trabajo remoto o modelos basados en objetivos.<\/p>\n<p>La <strong>Organizaci\u00f3n Internacional del Trabajo (OIT)<\/strong> se\u00f1ala que una organizaci\u00f3n adecuada del tiempo de trabajo beneficia tanto a las empresas como a los colaboradores, al reducir el estr\u00e9s y favorecer una mejor calidad de vida.<\/p>\n<p>M\u00e1s que medir el tiempo frente a una pantalla, el objetivo es permitir que cada persona gestione sus responsabilidades de forma eficiente sin afectar los resultados del negocio.<\/p>\n<h3><strong>Crea un entorno de trabajo saludable<\/strong><\/h3>\n<p>El bienestar tambi\u00e9n depende de las condiciones en las que se realiza el trabajo. Contar con espacios seguros, herramientas adecuadas y pol\u00edticas que favorezcan la salud f\u00edsica y mental ayuda a prevenir el agotamiento y mejora la experiencia de los colaboradores.<\/p>\n<p>Adem\u00e1s, incorporar pausas activas y promover el respeto por los tiempos de descanso contribuye a mantener la concentraci\u00f3n y la productividad durante la jornada.<\/p>\n<h3><strong>Capacita a los l\u00edderes<\/strong><\/h3>\n<p>Los supervisores influyen directamente en la experiencia laboral de sus equipos. Por ello, es importante <a href=\"https:\/\/factorial.mx\/blog\/mentoring-empresarial\/\">capacitarlos en liderazgo<\/a>, comunicaci\u00f3n, empat\u00eda y gesti\u00f3n de personas para que sepan identificar se\u00f1ales de sobrecarga y brindar apoyo cuando sea necesario.<\/p>\n<p>Un liderazgo cercano facilita la conciliaci\u00f3n laboral sin perder de vista los objetivos del negocio.<\/p>\n<h3><strong>Predica con el ejemplo<\/strong><\/h3>\n<p>Las pol\u00edticas pierden credibilidad cuando los l\u00edderes no las aplican. Respetar los horarios, evitar mensajes fuera de la jornada laboral y fomentar el uso de vacaciones env\u00eda un mensaje claro sobre la importancia del bienestar.<\/p>\n<p>Adem\u00e1s, reconocer que los colaboradores atraviesan distintas etapas personales fortalece la confianza y contribuye a construir una cultura organizacional m\u00e1s saludable.<\/p>\n<div class=\"factorial-banner inline-banner banner-demo category-gestion-del-talento\"\n    data-banner-id=\"175572\"\n    data-banner-type=\"demo\"\n    data-category=\"Gesti\u00f3n del Talento\">\n    <div class=\"banner-content\">\n        <div class=\"banner-text\">\n                            <h4>Controla f\u00e1cil y sin erores el tiempo de trabajo de tu equipo<\/h4>\n            \n                            <ul class=\"banner-checklist\">\n                                                                        <li class=\"not-prose\">Automatiza el control horario<\/li>\n                                                                                                <li class=\"not-prose\">Optimiza la gesti\u00f3n de turnos<\/li>\n                                                                                                <li class=\"not-prose\">Gestiona ausencias sin papeleo<\/li>\n                                                            <\/ul>\n            \n                            <a href=\"https:\/\/factorial.mx\/solicitar-demo\"\n                    class=\"factorial-cta-button not-prose demo btn-brand\" data-cta=\"demo\" data-cta-position=\"inline-banner\">\n                    Pedir una demo                <\/a>\n                    <\/div>\n\n        <div class=\"banner-image has-image\">\n            <img decoding=\"async\" src=\"https:\/\/factorialhr.com\/wp-content\/uploads\/2025\/12\/17194227\/time.png\" class=\"not-prose\" \/>\n        <\/div>\n    <\/div>\n<\/div>\n<h2>C\u00f3mo puede Recursos Humanos impulsar el equilibrio entre vida laboral y personal<\/h2>\n<p><strong>Las pol\u00edticas de conciliaci\u00f3n laboral funcionan mejor cuando Recursos Humanos cuenta con informaci\u00f3n <\/strong>sobre jornadas, ausencias, cargas de trabajo y necesidades de cada equipo. De lo contrario, resulta dif\u00edcil detectar si una persona trabaja m\u00e1s horas de las previstas, acumula vacaciones o enfrenta una distribuci\u00f3n poco equilibrada de tareas.<\/p>\n<p><strong>Un software de gesti\u00f3n empresarial como Factorial<\/strong> permite centralizar estos procesos y darles seguimiento desde un mismo espacio. Por ejemplo, los responsables de Recursos Humanos pueden:<\/p>\n<ul>\n<li>Registrar la jornada y consultar las horas trabajadas.<\/li>\n<li>Gestionar vacaciones, permisos y ausencias.<\/li>\n<li>Organizar turnos y planificar la disponibilidad de los equipos.<\/li>\n<li>Llevar el control de asistencia en esquemas presenciales, h\u00edbridos o remotos.<\/li>\n<li>Realizar encuestas de clima laboral para conocer c\u00f3mo se sienten los colaboradores.<\/li>\n<li>onsultar reportes que ayuden a identificar sobrecargas, ausencias recurrentes o dificultades en la organizaci\u00f3n del tiempo.<\/li>\n<\/ul>\n<p>Contar con estos datos facilita la toma de decisiones y permite ajustar las pol\u00edticas antes de que el cansancio, el estr\u00e9s o la falta de descanso afecten al equipo. As\u00ed, Recursos Humanos puede impulsar la flexibilidad laboral y crear condiciones m\u00e1s favorables para alcanzar los objetivos sin descuidar el bienestar de las personas.<\/p>\n<p>\ud83d\ude80 <strong>Con Factorial, puedes simplificar la gesti\u00f3n del tiempo, las ausencias y la planificaci\u00f3n de equipos para dedicar m\u00e1s atenci\u00f3n a lo verdaderamente importante: las personas. <a href=\"https:\/\/factorial.mx\/solicitar-demo\">\u00a1Solicita una demo gratis!\u00a0<\/a><\/strong><\/p>\n<div class=\"factorial-banner inline-banner banner-demo category-gestion-del-talento\"\n    data-banner-id=\"181901\"\n    data-banner-type=\"demo\"\n    data-category=\"Gesti\u00f3n del Talento\">\n    <div class=\"banner-content\">\n        <div class=\"banner-text\">\n                            <h4>Impulsa la digitalizaci\u00f3n de tu empresa<\/h4>\n            \n                            <p>Con una soluci\u00f3n integral de RR. HH., tu organizaci\u00f3n puede automatizar tareas clave y tomar decisiones con datos en tiempo real.<\/p>\n            \n                            <a href=\"https:\/\/factorial.mx\/solicitar-demo\"\n                    class=\"factorial-cta-button not-prose demo btn-brand\" data-cta=\"demo\" data-cta-position=\"inline-banner\">\n                    Pedir una demo                <\/a>\n                    <\/div>\n\n        <div class=\"banner-image has-image\">\n            <img decoding=\"async\" src=\"https:\/\/factorialhr.com\/wp-content\/uploads\/2021\/08\/04153949\/Untitled-design-24.jpg\" class=\"not-prose\" \/>\n        <\/div>\n    <\/div>\n<\/div>\n","protected":false},"excerpt":{"rendered":"<p>Durante a\u00f1os, el trabajo ocup\u00f3 un lugar casi intocable en la vida cotidiana. Las jornadas extensas, la disponibilidad permanente y la dificultad para desconectarse se normalizaron en muchas empresas. Hoy, ese modelo empieza a cuestionarse. El equilibrio entre vida laboral y personal se ha convertido en una expectativa cada vez m\u00e1s presente entre los colaboradores<a href=\"https:\/\/factorial.mx\/blog\/equilibrio-entre-vida-laboral-y-personal\/\" class=\"read-more\"> [&#8230;]<\/a><\/p>\n","protected":false},"author":205,"featured_media":95420,"comment_status":"closed","ping_status":"closed","sticky":false,"template":"","format":"standard","meta":{"_acf_changed":false,"footnotes":""},"categories":[330],"tags":[],"class_list":["post-95364","post","type-post","status-publish","format-standard","has-post-thumbnail","hentry","category-gestion-talento"],"acf":{"topics":"no-topic"},"yoast_head":"<!-- This site is optimized with the Yoast SEO Premium plugin v21.5 (Yoast SEO v21.9.1) - https:\/\/yoast.com\/wordpress\/plugins\/seo\/ -->\n<title>Equilibrio entre vida laboral y personal en equipos \ud83d\udc65<\/title>\n<meta name=\"description\" content=\"\u2696\ufe0f Aprende c\u00f3mo fomentar el equilibrio entre vida laboral y personal, qu\u00e9 estrategias aplicar y c\u00f3mo beneficia al equipo y a la empresa.\" \/>\n<meta name=\"robots\" content=\"index, follow, max-snippet:-1, max-image-preview:large, max-video-preview:-1\" \/>\n<link rel=\"canonical\" href=\"https:\/\/factorial.mx\/blog\/equilibrio-entre-vida-laboral-y-personal\/\" \/>\n<meta property=\"og:locale\" content=\"es_MX\" \/>\n<meta property=\"og:type\" content=\"article\" \/>\n<meta property=\"og:title\" content=\"C\u00f3mo fomentar el equilibrio entre vida laboral y personal en tu equipo\" \/>\n<meta property=\"og:description\" content=\"\u2696\ufe0f Aprende c\u00f3mo fomentar el equilibrio entre vida laboral y personal, qu\u00e9 estrategias aplicar y c\u00f3mo beneficia al equipo y a la empresa.\" \/>\n<meta property=\"og:url\" content=\"https:\/\/factorial.mx\/blog\/equilibrio-entre-vida-laboral-y-personal\/\" \/>\n<meta property=\"og:site_name\" content=\"Factorial\" \/>\n<meta property=\"article:publisher\" content=\"https:\/\/www.facebook.com\/people\/Factorial\/100064908455810\/\" \/>\n<meta property=\"article:published_time\" content=\"2026-07-24T10:53:35+00:00\" \/>\n<meta property=\"article:modified_time\" content=\"2026-07-29T02:39:32+00:00\" \/>\n<meta property=\"og:image\" content=\"https:\/\/factorial.mx\/wp-content\/uploads\/2023\/03\/10125309\/equilibrio-vida-laboral-personal.jpg\" \/>\n\t<meta property=\"og:image:width\" content=\"1000\" \/>\n\t<meta property=\"og:image:height\" content=\"500\" \/>\n\t<meta property=\"og:image:type\" content=\"image\/jpeg\" \/>\n<meta name=\"author\" content=\"Jes\u00fas Bernal\" \/>\n<meta name=\"twitter:card\" content=\"summary_large_image\" \/>\n<meta name=\"twitter:creator\" content=\"@factorialapp\" \/>\n<meta name=\"twitter:site\" content=\"@factorialapp\" \/>\n<meta name=\"twitter:label1\" content=\"Written by\" \/>\n\t<meta name=\"twitter:data1\" content=\"Jes\u00fas Bernal\" \/>\n\t<meta name=\"twitter:label2\" content=\"Est. reading time\" \/>\n\t<meta name=\"twitter:data2\" content=\"7 minutes\" \/>\n<script type=\"application\/ld+json\" class=\"yoast-schema-graph\">{\"@context\":\"https:\/\/schema.org\",\"@graph\":[{\"@type\":\"Article\",\"@id\":\"https:\/\/factorial.mx\/blog\/equilibrio-entre-vida-laboral-y-personal\/#article\",\"isPartOf\":{\"@id\":\"https:\/\/factorial.mx\/blog\/equilibrio-entre-vida-laboral-y-personal\/\"},\"author\":{\"name\":\"Jes\u00fas Bernal\",\"@id\":\"https:\/\/factorial.mx\/blog\/#\/schema\/person\/48b76544b2a0058c902a5b7df5d57121\"},\"headline\":\"C\u00f3mo fomentar el equilibrio entre vida laboral y personal en tu equipo\",\"datePublished\":\"2026-07-24T10:53:35+00:00\",\"dateModified\":\"2026-07-29T02:39:32+00:00\",\"mainEntityOfPage\":{\"@id\":\"https:\/\/factorial.mx\/blog\/equilibrio-entre-vida-laboral-y-personal\/\"},\"wordCount\":1523,\"publisher\":{\"@id\":\"https:\/\/factorial.mx\/blog\/#organization\"},\"articleSection\":[\"Gesti\u00f3n del Talento\"],\"inLanguage\":\"es-MX\"},{\"@type\":\"WebPage\",\"@id\":\"https:\/\/factorial.mx\/blog\/equilibrio-entre-vida-laboral-y-personal\/\",\"url\":\"https:\/\/factorial.mx\/blog\/equilibrio-entre-vida-laboral-y-personal\/\",\"name\":\"Equilibrio entre vida laboral y personal en equipos \ud83d\udc65\",\"isPartOf\":{\"@id\":\"https:\/\/factorial.mx\/blog\/#website\"},\"datePublished\":\"2026-07-24T10:53:35+00:00\",\"dateModified\":\"2026-07-29T02:39:32+00:00\",\"description\":\"\u2696\ufe0f Aprende c\u00f3mo fomentar el equilibrio entre vida laboral y personal, qu\u00e9 estrategias aplicar y c\u00f3mo beneficia al equipo y a la empresa.\",\"inLanguage\":\"es-MX\",\"potentialAction\":[{\"@type\":\"ReadAction\",\"target\":[\"https:\/\/factorial.mx\/blog\/equilibrio-entre-vida-laboral-y-personal\/\"]}]},{\"@type\":\"WebSite\",\"@id\":\"https:\/\/factorial.mx\/blog\/#website\",\"url\":\"https:\/\/factorial.mx\/blog\/\",\"name\":\"Factorial\",\"description\":\"\",\"publisher\":{\"@id\":\"https:\/\/factorial.mx\/blog\/#organization\"},\"potentialAction\":[{\"@type\":\"SearchAction\",\"target\":{\"@type\":\"EntryPoint\",\"urlTemplate\":\"https:\/\/factorial.mx\/blog\/?s={search_term_string}\"},\"query-input\":\"required name=search_term_string\"}],\"inLanguage\":\"es-MX\"},{\"@type\":\"Organization\",\"@id\":\"https:\/\/factorial.mx\/blog\/#organization\",\"name\":\"All-in-one business management software - Factorial\",\"url\":\"https:\/\/factorial.mx\/blog\/\",\"logo\":{\"@type\":\"ImageObject\",\"inLanguage\":\"es-MX\",\"@id\":\"https:\/\/factorial.mx\/blog\/#\/schema\/logo\/image\/\",\"url\":\"https:\/\/factorial.mx\/wp-content\/uploads\/2023\/07\/18155144\/factorial-logo.png\",\"contentUrl\":\"https:\/\/factorial.mx\/wp-content\/uploads\/2023\/07\/18155144\/factorial-logo.png\",\"width\":946,\"height\":880,\"caption\":\"All-in-one business management software - Factorial\"},\"image\":{\"@id\":\"https:\/\/factorial.mx\/blog\/#\/schema\/logo\/image\/\"},\"sameAs\":[\"https:\/\/www.facebook.com\/people\/Factorial\/100064908455810\/\",\"https:\/\/twitter.com\/factorialapp\",\"https:\/\/www.linkedin.com\/company\/factorialhr\",\"https:\/\/www.youtube.com\/@factorialmedia\",\"https:\/\/www.instagram.com\/factorial\/#\"]},{\"@type\":\"Person\",\"@id\":\"https:\/\/factorial.mx\/blog\/#\/schema\/person\/48b76544b2a0058c902a5b7df5d57121\",\"name\":\"Jes\u00fas Bernal\",\"image\":{\"@type\":\"ImageObject\",\"inLanguage\":\"es-MX\",\"@id\":\"https:\/\/factorial.mx\/blog\/#\/schema\/person\/image\/\",\"url\":\"https:\/\/secure.gravatar.com\/avatar\/cfc76df37d1df08fe1b9405993c944c3?s=96&d=identicon&r=g\",\"contentUrl\":\"https:\/\/secure.gravatar.com\/avatar\/cfc76df37d1df08fe1b9405993c944c3?s=96&d=identicon&r=g\",\"caption\":\"Jes\u00fas Bernal\"},\"description\":\"Especialista en marketing y comunicaciones. Me especializo en implementar estrategias de contenido multicanal con foco en posicionamiento org\u00e1nico en buscadores. En mi trayectoria profesional me he desempe\u00f1ado como periodista, especialista en comunicaciones estrat\u00e9gicas y relaciones p\u00fablicas, redactor para medios online y offline.\",\"sameAs\":[\"https:\/\/www.linkedin.com\/in\/jesusbernalcastro\/\"],\"url\":\"https:\/\/factorial.mx\/blog\/author\/jesusbernal\/\"}]}<\/script>\n<!-- \/ Yoast SEO Premium plugin. -->","yoast_head_json":{"title":"Equilibrio entre vida laboral y personal en equipos \ud83d\udc65","description":"\u2696\ufe0f Aprende c\u00f3mo fomentar el equilibrio entre vida laboral y personal, qu\u00e9 estrategias aplicar y c\u00f3mo beneficia al equipo y a la empresa.","robots":{"index":"index","follow":"follow","max-snippet":"max-snippet:-1","max-image-preview":"max-image-preview:large","max-video-preview":"max-video-preview:-1"},"canonical":"https:\/\/factorial.mx\/blog\/equilibrio-entre-vida-laboral-y-personal\/","og_locale":"es_MX","og_type":"article","og_title":"C\u00f3mo fomentar el equilibrio entre vida laboral y personal en tu equipo","og_description":"\u2696\ufe0f Aprende c\u00f3mo fomentar el equilibrio entre vida laboral y personal, qu\u00e9 estrategias aplicar y c\u00f3mo beneficia al equipo y a la empresa.","og_url":"https:\/\/factorial.mx\/blog\/equilibrio-entre-vida-laboral-y-personal\/","og_site_name":"Factorial","article_publisher":"https:\/\/www.facebook.com\/people\/Factorial\/100064908455810\/","article_published_time":"2026-07-24T10:53:35+00:00","article_modified_time":"2026-07-29T02:39:32+00:00","og_image":[{"width":1000,"height":500,"url":"https:\/\/factorial.mx\/wp-content\/uploads\/2023\/03\/10125309\/equilibrio-vida-laboral-personal.jpg","type":"image\/jpeg"}],"author":"Jes\u00fas Bernal","twitter_card":"summary_large_image","twitter_creator":"@factorialapp","twitter_site":"@factorialapp","twitter_misc":{"Written by":"Jes\u00fas Bernal","Est. reading time":"7 minutes"},"schema":{"@context":"https:\/\/schema.org","@graph":[{"@type":"Article","@id":"https:\/\/factorial.mx\/blog\/equilibrio-entre-vida-laboral-y-personal\/#article","isPartOf":{"@id":"https:\/\/factorial.mx\/blog\/equilibrio-entre-vida-laboral-y-personal\/"},"author":{"name":"Jes\u00fas Bernal","@id":"https:\/\/factorial.mx\/blog\/#\/schema\/person\/48b76544b2a0058c902a5b7df5d57121"},"headline":"C\u00f3mo fomentar el equilibrio entre vida laboral y personal en tu equipo","datePublished":"2026-07-24T10:53:35+00:00","dateModified":"2026-07-29T02:39:32+00:00","mainEntityOfPage":{"@id":"https:\/\/factorial.mx\/blog\/equilibrio-entre-vida-laboral-y-personal\/"},"wordCount":1523,"publisher":{"@id":"https:\/\/factorial.mx\/blog\/#organization"},"articleSection":["Gesti\u00f3n del Talento"],"inLanguage":"es-MX"},{"@type":"WebPage","@id":"https:\/\/factorial.mx\/blog\/equilibrio-entre-vida-laboral-y-personal\/","url":"https:\/\/factorial.mx\/blog\/equilibrio-entre-vida-laboral-y-personal\/","name":"Equilibrio entre vida laboral y personal en equipos \ud83d\udc65","isPartOf":{"@id":"https:\/\/factorial.mx\/blog\/#website"},"datePublished":"2026-07-24T10:53:35+00:00","dateModified":"2026-07-29T02:39:32+00:00","description":"\u2696\ufe0f Aprende c\u00f3mo fomentar el equilibrio entre vida laboral y personal, qu\u00e9 estrategias aplicar y c\u00f3mo beneficia al equipo y a la empresa.","inLanguage":"es-MX","potentialAction":[{"@type":"ReadAction","target":["https:\/\/factorial.mx\/blog\/equilibrio-entre-vida-laboral-y-personal\/"]}]},{"@type":"WebSite","@id":"https:\/\/factorial.mx\/blog\/#website","url":"https:\/\/factorial.mx\/blog\/","name":"Factorial","description":"","publisher":{"@id":"https:\/\/factorial.mx\/blog\/#organization"},"potentialAction":[{"@type":"SearchAction","target":{"@type":"EntryPoint","urlTemplate":"https:\/\/factorial.mx\/blog\/?s={search_term_string}"},"query-input":"required name=search_term_string"}],"inLanguage":"es-MX"},{"@type":"Organization","@id":"https:\/\/factorial.mx\/blog\/#organization","name":"All-in-one business management software - Factorial","url":"https:\/\/factorial.mx\/blog\/","logo":{"@type":"ImageObject","inLanguage":"es-MX","@id":"https:\/\/factorial.mx\/blog\/#\/schema\/logo\/image\/","url":"https:\/\/factorial.mx\/wp-content\/uploads\/2023\/07\/18155144\/factorial-logo.png","contentUrl":"https:\/\/factorial.mx\/wp-content\/uploads\/2023\/07\/18155144\/factorial-logo.png","width":946,"height":880,"caption":"All-in-one business management software - Factorial"},"image":{"@id":"https:\/\/factorial.mx\/blog\/#\/schema\/logo\/image\/"},"sameAs":["https:\/\/www.facebook.com\/people\/Factorial\/100064908455810\/","https:\/\/twitter.com\/factorialapp","https:\/\/www.linkedin.com\/company\/factorialhr","https:\/\/www.youtube.com\/@factorialmedia","https:\/\/www.instagram.com\/factorial\/#"]},{"@type":"Person","@id":"https:\/\/factorial.mx\/blog\/#\/schema\/person\/48b76544b2a0058c902a5b7df5d57121","name":"Jes\u00fas Bernal","image":{"@type":"ImageObject","inLanguage":"es-MX","@id":"https:\/\/factorial.mx\/blog\/#\/schema\/person\/image\/","url":"https:\/\/secure.gravatar.com\/avatar\/cfc76df37d1df08fe1b9405993c944c3?s=96&d=identicon&r=g","contentUrl":"https:\/\/secure.gravatar.com\/avatar\/cfc76df37d1df08fe1b9405993c944c3?s=96&d=identicon&r=g","caption":"Jes\u00fas Bernal"},"description":"Especialista en marketing y comunicaciones. Me especializo en implementar estrategias de contenido multicanal con foco en posicionamiento org\u00e1nico en buscadores. En mi trayectoria profesional me he desempe\u00f1ado como periodista, especialista en comunicaciones estrat\u00e9gicas y relaciones p\u00fablicas, redactor para medios online y offline.","sameAs":["https:\/\/www.linkedin.com\/in\/jesusbernalcastro\/"],"url":"https:\/\/factorial.mx\/blog\/author\/jesusbernal\/"}]}},"_links":{"self":[{"href":"https:\/\/factorial.mx\/blog\/wp-json\/wp\/v2\/posts\/95364"}],"collection":[{"href":"https:\/\/factorial.mx\/blog\/wp-json\/wp\/v2\/posts"}],"about":[{"href":"https:\/\/factorial.mx\/blog\/wp-json\/wp\/v2\/types\/post"}],"author":[{"embeddable":true,"href":"https:\/\/factorial.mx\/blog\/wp-json\/wp\/v2\/users\/205"}],"replies":[{"embeddable":true,"href":"https:\/\/factorial.mx\/blog\/wp-json\/wp\/v2\/comments?post=95364"}],"version-history":[{"count":8,"href":"https:\/\/factorial.mx\/blog\/wp-json\/wp\/v2\/posts\/95364\/revisions"}],"predecessor-version":[{"id":196632,"href":"https:\/\/factorial.mx\/blog\/wp-json\/wp\/v2\/posts\/95364\/revisions\/196632"}],"wp:featuredmedia":[{"embeddable":true,"href":"https:\/\/factorial.mx\/blog\/wp-json\/wp\/v2\/media\/95420"}],"wp:attachment":[{"href":"https:\/\/factorial.mx\/blog\/wp-json\/wp\/v2\/media?parent=95364"}],"wp:term":[{"taxonomy":"category","embeddable":true,"href":"https:\/\/factorial.mx\/blog\/wp-json\/wp\/v2\/categories?post=95364"},{"taxonomy":"post_tag","embeddable":true,"href":"https:\/\/factorial.mx\/blog\/wp-json\/wp\/v2\/tags?post=95364"}],"curies":[{"name":"wp","href":"https:\/\/api.w.org\/{rel}","templated":true}]}}